{"id":4452,"date":"2020-02-03T19:59:33","date_gmt":"2020-02-03T22:59:33","guid":{"rendered":"https:\/\/dronefriendly.com.br\/v01\/?p=4452"},"modified":"2020-02-03T20:02:23","modified_gmt":"2020-02-03T23:02:23","slug":"decea-anuncia-novos-manuais-para-regulamentar-o-uso-de-drones","status":"publish","type":"post","link":"https:\/\/dronefriendly.com.br\/v01\/decea-anuncia-novos-manuais-para-regulamentar-o-uso-de-drones\/","title":{"rendered":"DECEA anuncia novos manuais para regulamentar o uso de drones"},"content":{"rendered":"\n<h4 class=\"wp-block-heading\">O\u00a0DECEA\u00a0\u00e9 a organiza\u00e7\u00e3o respons\u00e1vel pelo controle do espa\u00e7o a\u00e9reo  brasileiro, provedora dos servi\u00e7os de navega\u00e7\u00e3o que viabilizam os voos e  a ordena\u00e7\u00e3o dos fluxos de tr\u00e1fego no pa\u00eds<\/h4>\n\n\n\n<p>O Comit\u00ea RPAS, equipe multidisciplinar, que \u00e9 composto por profissionais  das diversas Organiza\u00e7\u00f5es Regionais do Departamento de Controle do  Espa\u00e7o A\u00e9reo (DECEA), finalizou na \u00faltima quinta-feira (30\/1) a revis\u00e3o  de publica\u00e7\u00f5es inerentes ao acesso ao espa\u00e7o a\u00e9reo brasileiro por  drones.<\/p>\n\n\n\n<p>As mudan\u00e7as consistem, dentre outras, em transformar as publica\u00e7\u00f5es \natuais (AIC e ICA) em Manuais do Comando da Aeron\u00e1utica (MCA), \nratificando a import\u00e2ncia do segmento. Esta postura demonstra o \ncompromisso das autoridades brasileiras em fomentar o crescimento do \nsetor de drones, sem abrir m\u00e3o da seguran\u00e7a das pessoas e propriedades.<\/p>\n\n\n\n<p>Fique por dentro das mudan\u00e7as presentes nos novos MCAs, que  regulamentam os procedimentos e responsabilidades necess\u00e1rios para o  acesso ao espa\u00e7o a\u00e9reo brasileiro por drones em tr\u00eas diferentes  situa\u00e7\u00f5es:<\/p>\n\n\n\n<p><strong>AIC N 17<\/strong><\/p>\n\n\n\n<ul class=\"wp-block-list\"><li>Ser\u00e1 chamada de MCA 56-17;<\/li><li>Tomou maior robustez;<\/li><li>Desaparece o &#8220;Princ\u00edpo da Sombra&#8221; , por estar causando certa confus\u00e3o entre os usu\u00e1rios;<\/li><li> Acrescentadas defini\u00e7\u00f5es de Pessoa Anuente, Pessoa Envolvida, Aeronave Org\u00e2nica e Observador de Aeromodelo ;<\/li><li> FPV \u2013 obrigatoriamente com uso do Observador de Aeromodelo e em quaisquer locais adequados .<\/li><\/ul>\n\n\n\n<p><\/p>\n\n\n\n<p><strong>AIC N 23<\/strong><\/p>\n\n\n\n<ul class=\"wp-block-list\"><li>Passa a ser o <strong>MCA 56-23<\/strong>;<\/li><li>N\u00e3o haver\u00e1 mais a necessidade de transferir a aeronave para o \u00d3rg\u00e3o  P\u00fablico. Bastar\u00e1 compartilhar a aeronave do piloto com o \u00f3rg\u00e3o de  governo;<\/li><li>O \u00f3rg\u00e3o favorecido dever\u00e1 aceitar o compartilhamento;<\/li><li>Ao solicitar a opera\u00e7\u00e3o com sua pr\u00f3pria aeronave, o piloto ter\u00e1 acesso  aos voos normais; ao ser solicitada a opera\u00e7\u00e3o pelo \u00f3rg\u00e3o p\u00fablico,  colocando o propriet\u00e1rio como piloto, este ter\u00e1 o acesso ao previsto no  MCA 56-23;<\/li><li>Acrescentadas defini\u00e7\u00f5es de Pessoa Anuente, Aeronave Org\u00e2nica e Pessoa Envolvida;<\/li><li>Prev\u00ea agora contrata\u00e7\u00e3o para a Defesa Civil, para aeronaves n\u00e3o org\u00e2nicas ;<\/li><\/ul>\n\n\n\n<p><\/p>\n\n\n\n<p><strong>AIC N 24<\/strong><\/p>\n\n\n\n<ul class=\"wp-block-list\"><li>Passa para <strong>MCA 56-24<\/strong><\/li><li>Acrescentadas defini\u00e7\u00f5es de Pessoa Anuente, Aeronave Org\u00e2nica e Pessoa Envolvida<\/li><li>N\u00e3o haver\u00e1 mais a necessidade de transferir a aeronave para o \u00d3rg\u00e3o  P\u00fablico. Bastar\u00e1 compartilhar a aeronave do piloto com o \u00f3rg\u00e3o de  governo<\/li><li>O \u00f3rg\u00e3o favorecido dever\u00e1 aceitar o compartilhamento<\/li><li>Ao solicitar a opera\u00e7\u00e3o com sua pr\u00f3pria aeronave, o piloto ter\u00e1 acesso  aos voos normais; ao ser solicitada a opera\u00e7\u00e3o pelo \u00f3rg\u00e3o p\u00fablico,  colocando o propriet\u00e1rio como piloto, este ter\u00e1 o acesso ao previsto no  MCA 56-24<\/li><li> Acrescentadas defini\u00e7\u00f5es de Pessoa Anuente, Aeronave Org\u00e2nica e Pessoa Envolvida<\/li><li> Em casos de necessidade de contrata\u00e7\u00e3o para a Defesa Civil, poder\u00e1 ser feita no MCA 56-23 <\/li><li> Prev\u00ea agora contrata\u00e7\u00e3o para a Defesa Civil, para aeronaves n\u00e3o org\u00e2nicas <\/li><\/ul>\n\n\n\n<p><\/p>\n\n\n\n<p><strong>ICA 100-40<\/strong><\/p>\n\n\n\n<ul class=\"wp-block-list\"><li>Acrescentadas defini\u00e7\u00f5es de Pessoa Anuente, Aeronave Org\u00e2nica e Pessoa Envolvida<\/li><li> Voos informados passam de 30 para 40 metros, mantendo os dois quil\u00f4metros de afastamento <\/li><\/ul>\n\n\n\n<p><em>N.R. : Assim que o manual estiver publicado e dispon\u00edvel no site do DECEA, deixaremos o link aqui e claro, ser\u00e3o dados os devidos adendos e coment\u00e1rios. <\/em><\/p>\n\n\n\n<p>Fontes: <br><a rel=\"noreferrer noopener\" aria-label=\"DroneShow LA (abre numa nova aba)\" href=\"https:\/\/droneshowla.com\/decea-anuncia-novos-manuais-para-regulamentar-o-uso-de-drones\/\" target=\"_blank\">DroneShow LA<\/a> <br><a rel=\"noreferrer noopener\" aria-label=\"DECEA (abre numa nova aba)\" href=\"https:\/\/www.decea.gov.br\/drone\/\" target=\"_blank\">DECEA<\/a><\/p>\n","protected":false},"excerpt":{"rendered":"<p>O\u00a0DECEA\u00a0\u00e9 a organiza\u00e7\u00e3o respons\u00e1vel pelo controle do espa\u00e7o a\u00e9reo brasileiro, provedora dos servi\u00e7os de navega\u00e7\u00e3o que viabilizam os voos e&hellip;<\/p>\n","protected":false},"author":1,"featured_media":535,"comment_status":"closed","ping_status":"closed","sticky":false,"template":"","format":"standard","meta":{"googlesitekit_rrm_CAowr_bfCw:productID":"","footnotes":""},"categories":[4],"tags":[15,263,248],"class_list":["post-4452","post","type-post","status-publish","format-standard","has-post-thumbnail","hentry","category-noticias","tag-decea","tag-regras","tag-regulamentacao"],"_links":{"self":[{"href":"https:\/\/dronefriendly.com.br\/v01\/wp-json\/wp\/v2\/posts\/4452","targetHints":{"allow":["GET"]}}],"collection":[{"href":"https:\/\/dronefriendly.com.br\/v01\/wp-json\/wp\/v2\/posts"}],"about":[{"href":"https:\/\/dronefriendly.com.br\/v01\/wp-json\/wp\/v2\/types\/post"}],"author":[{"embeddable":true,"href":"https:\/\/dronefriendly.com.br\/v01\/wp-json\/wp\/v2\/users\/1"}],"replies":[{"embeddable":true,"href":"https:\/\/dronefriendly.com.br\/v01\/wp-json\/wp\/v2\/comments?post=4452"}],"version-history":[{"count":2,"href":"https:\/\/dronefriendly.com.br\/v01\/wp-json\/wp\/v2\/posts\/4452\/revisions"}],"predecessor-version":[{"id":4454,"href":"https:\/\/dronefriendly.com.br\/v01\/wp-json\/wp\/v2\/posts\/4452\/revisions\/4454"}],"wp:featuredmedia":[{"embeddable":true,"href":"https:\/\/dronefriendly.com.br\/v01\/wp-json\/wp\/v2\/media\/535"}],"wp:attachment":[{"href":"https:\/\/dronefriendly.com.br\/v01\/wp-json\/wp\/v2\/media?parent=4452"}],"wp:term":[{"taxonomy":"category","embeddable":true,"href":"https:\/\/dronefriendly.com.br\/v01\/wp-json\/wp\/v2\/categories?post=4452"},{"taxonomy":"post_tag","embeddable":true,"href":"https:\/\/dronefriendly.com.br\/v01\/wp-json\/wp\/v2\/tags?post=4452"}],"curies":[{"name":"wp","href":"https:\/\/api.w.org\/{rel}","templated":true}]}}