{"id":4813,"date":"2020-02-20T00:43:46","date_gmt":"2020-02-20T03:43:46","guid":{"rendered":"https:\/\/dronefriendly.com.br\/v01\/?p=4813"},"modified":"2020-02-20T11:28:08","modified_gmt":"2020-02-20T14:28:08","slug":"bug-no-software-empurra-a-data-de-lancamento-do-evo-ii-para-marco","status":"publish","type":"post","link":"https:\/\/dronefriendly.com.br\/v01\/bug-no-software-empurra-a-data-de-lancamento-do-evo-ii-para-marco\/","title":{"rendered":"&#8220;Bug&#8221; no software empurra a data de lan\u00e7amento do EVO II para Mar\u00e7o"},"content":{"rendered":"\n<h4 class=\"wp-block-heading\">Ap\u00f3s a empolga\u00e7\u00e3o do novo drone EVO II na CES2020 em Las Vegas, os pilotos de drones aguardavam ansiosamente a oportunidade de comprar o novo lan\u00e7amento da Autel.<\/h4>\n\n\n\n<p>Quem esteve presente na CES2020 percebeu que a Autel teve todo o cuidado para n\u00e3o elevar as expectativas \u00e0 medida que o EVO II foi lan\u00e7ado, informando \u00e0 imprensa especializada e aos presentes que o seu software todo reformulado estava em sua vers\u00e3o Beta. <br>Muitos entusiastas lembrar\u00e3o que o DJI Mavic Pro teve em 2016 seu lan\u00e7amento adiado por meses.A primeira vers\u00e3o dobr\u00e1vel de 4K da Autel, o EVO I teve um atraso um pouco menor (mas teve! e isso foi muito explorado pelos concorrentes), o que demonstra sem d\u00favida que essa empresa de tecnologia sediada em Seattle, EUA, aprendeu muito com essas experi\u00eancias. Em sua p\u00e1gina do Facebook indicou que encontrou um &#8220;bug&#8221; (uma falha) em seu software, o que poderia limitar o seu desempenho do voo em opera\u00e7\u00e3o normal. <\/p>\n\n\n\n<blockquote class=\"wp-block-quote is-layout-flow wp-block-quote-is-layout-flow\"><p><em>&#8220;Ol\u00e1 a todos! Primeiro, queremos agradecer a todos os nossos f\u00e3s e seguidores. N\u00e3o importa se voc\u00ea apenas segue um de nossos canais sociais ou usa nossos produtos todos os dias. Seu apoio e entusiasmo sempre nos mantiveram aqui no escrit\u00f3rio de Seattle. Com o an\u00fancio do EVO II na CES, a resposta foi absolutamente louca. Essa comunidade est\u00e1 explodindo e agradecemos sua paci\u00eancia conosco, pois ainda estamos tentando recuperar as respostas. \u201d<\/em><\/p><\/blockquote>\n\n\n\n<p>A Autel quer desesperadamente definir a data do lan\u00e7amento do EVO II, visto como o primeiro candidato s\u00e9rio \u00e0 supremacia da s\u00e9rie Mavic da DJI, o EVO II tamb\u00e9m \u00e9 o primeiro drone dobr\u00e1vel a ter gimbal de c\u00e2mera intercambi\u00e1veis \u200b\u200bpelo usu\u00e1rio. Com 40 minutos de dura\u00e7\u00e3o da bateria, v\u00eddeo de 8K e fotos de 48MP no modelo b\u00e1sico, a Autel encontrou um favor imediato com os pilotos de drones. <\/p>\n\n\n\n<p>A declara\u00e7\u00e3o da Autel continua, abaixo, agradecendo \u00e0 comunidade de drones seu apoio e interesse, ao mesmo tempo em que avisa que o boletim informativo do site da Autel ser\u00e1 retomado novamente em algumas semanas.<\/p>\n\n\n\n<blockquote class=\"wp-block-quote is-layout-flow wp-block-quote-is-layout-flow\"><p><em>\u201cTamb\u00e9m queremos ser o mais transparentes poss\u00edvel e fornecer todas as atualiza\u00e7\u00f5es peri\u00f3dicas sobre o status e a disponibilidade do EVO II. Dessa forma, voc\u00ea tem as informa\u00e7\u00f5es mais atualizadas diretamente de n\u00f3s e n\u00e3o apenas rumores. Nosso objetivo na CES era colocar as unidades iniciais do EVO II (8k) nas m\u00e3os dos revendedores at\u00e9 o final de janeiro. Infelizmente, durante a produ\u00e7\u00e3o, encontramos um erro em nosso software que poderia limitar o desempenho do voo em opera\u00e7\u00e3o normal. Em vez de enviar o hardware com um problema conhecido e for\u00e7ar os usu\u00e1rios a realizar atualiza\u00e7\u00f5es do dia 1, decidimos adiar o restante da produ\u00e7\u00e3o e remessas at\u00e9 resolvermos o problema. Nossa linha de tempo projetada \u00e9 ter o EVO II dispon\u00edvel para compra em mar\u00e7o. Esta n\u00e3o \u00e9 uma data ou hora definidas, e as coisas sempre podem mudar. Mas com as informa\u00e7\u00f5es que temos hoje, esse \u00e9 o nosso objetivo. A equipe em Seattle \u00e9 muito pequena e estamos adicionando suporte ao canal quanto poss\u00edvel. Esperamos iniciar novamente o boletim informativo do nosso site nas pr\u00f3ximas semanas. Portanto, para futuras atualiza\u00e7\u00f5es, consulte nosso site, os canais sociais oficiais e e-mails vindos diretamente de n\u00f3s. Agradecemos por sua paci\u00eancia. Se voc\u00ea tiver alguma d\u00favida, n\u00e3o hesite em nos contatar em support@autelrobotics.com Obrigado a todos novamente e voe com seguran\u00e7a! \u201d<\/em><\/p><\/blockquote>\n\n\n\n<p>A equipe da Autel fez um excelente trabalho ao desenvolver o EVO II e comunicar humildemente seus sucessos e desafios ao longo do caminho. Esse atraso, que sempre foi um resultado quase esperado dos testes beta, n\u00e3o deve diminuir o entusiasmo pelo EVO II.<\/p>\n\n\n\n<p>Vamos lembrar um pouco do seu lan\u00e7amento?<\/p>\n\n\n\n<figure class=\"wp-block-embed-youtube wp-block-embed is-type-video is-provider-youtube wp-embed-aspect-16-9 wp-has-aspect-ratio\"><div class=\"wp-block-embed__wrapper\">\n<iframe loading=\"lazy\" title=\"FIRST LOOK at CES2020 - Autel EVO 2 Full Interview 8K Drone Swappable Gimbals! 8K 6K FLIR!#ces2020\" width=\"1140\" height=\"641\" src=\"https:\/\/www.youtube.com\/embed\/eBCboB0DApE?feature=oembed\" frameborder=\"0\" allow=\"accelerometer; autoplay; encrypted-media; gyroscope; picture-in-picture\" allowfullscreen><\/iframe>\n<\/div><\/figure>\n\n\n\n<p>Fonte:<a href=\"https:\/\/dronereviewsandnews.com\/software-bug-pushes-autel-evo-2-drone-release-to-march\/\" target=\"_blank\" rel=\"noreferrer noopener\" aria-label=\" Drone Reviews &amp; News (abre numa nova aba)\"> Drone Reviews &amp; News<\/a> (em ingl\u00eas)<\/p>\n","protected":false},"excerpt":{"rendered":"<p>Ap\u00f3s a empolga\u00e7\u00e3o do novo drone EVO II na CES2020 em Las Vegas, os pilotos de drones aguardavam ansiosamente a&hellip;<\/p>\n","protected":false},"author":1,"featured_media":4814,"comment_status":"open","ping_status":"open","sticky":false,"template":"","format":"standard","meta":{"googlesitekit_rrm_CAowr_bfCw:productID":"","footnotes":""},"categories":[4],"tags":[125,265,33],"class_list":["post-4813","post","type-post","status-publish","format-standard","has-post-thumbnail","hentry","category-noticias","tag-autel","tag-evo-ii","tag-lancamento"],"_links":{"self":[{"href":"https:\/\/dronefriendly.com.br\/v01\/wp-json\/wp\/v2\/posts\/4813","targetHints":{"allow":["GET"]}}],"collection":[{"href":"https:\/\/dronefriendly.com.br\/v01\/wp-json\/wp\/v2\/posts"}],"about":[{"href":"https:\/\/dronefriendly.com.br\/v01\/wp-json\/wp\/v2\/types\/post"}],"author":[{"embeddable":true,"href":"https:\/\/dronefriendly.com.br\/v01\/wp-json\/wp\/v2\/users\/1"}],"replies":[{"embeddable":true,"href":"https:\/\/dronefriendly.com.br\/v01\/wp-json\/wp\/v2\/comments?post=4813"}],"version-history":[{"count":2,"href":"https:\/\/dronefriendly.com.br\/v01\/wp-json\/wp\/v2\/posts\/4813\/revisions"}],"predecessor-version":[{"id":4834,"href":"https:\/\/dronefriendly.com.br\/v01\/wp-json\/wp\/v2\/posts\/4813\/revisions\/4834"}],"wp:featuredmedia":[{"embeddable":true,"href":"https:\/\/dronefriendly.com.br\/v01\/wp-json\/wp\/v2\/media\/4814"}],"wp:attachment":[{"href":"https:\/\/dronefriendly.com.br\/v01\/wp-json\/wp\/v2\/media?parent=4813"}],"wp:term":[{"taxonomy":"category","embeddable":true,"href":"https:\/\/dronefriendly.com.br\/v01\/wp-json\/wp\/v2\/categories?post=4813"},{"taxonomy":"post_tag","embeddable":true,"href":"https:\/\/dronefriendly.com.br\/v01\/wp-json\/wp\/v2\/tags?post=4813"}],"curies":[{"name":"wp","href":"https:\/\/api.w.org\/{rel}","templated":true}]}}