{"id":4816,"date":"2020-02-20T01:05:12","date_gmt":"2020-02-20T04:05:12","guid":{"rendered":"https:\/\/dronefriendly.com.br\/v01\/?p=4816"},"modified":"2020-02-20T15:00:59","modified_gmt":"2020-02-20T18:00:59","slug":"carnaval-2020-decea-informa-as-medidas-de-seguranca-aplicadas-para-voos-recreativos-em-pe-ba-rj-e-sp","status":"publish","type":"post","link":"https:\/\/dronefriendly.com.br\/v01\/carnaval-2020-decea-informa-as-medidas-de-seguranca-aplicadas-para-voos-recreativos-em-pe-ba-rj-e-sp\/","title":{"rendered":"Carnaval 2020: DECEA informa as medidas de seguran\u00e7a aplicadas para voos recreativos em PE, BA, RJ e SP"},"content":{"rendered":"\n<p>\nO Departamento de Controle do Espa\u00e7o A\u00e9reo (DECEA) informa que no per\u00edodo do Carnaval 2020&nbsp;&#8211; <strong>de&nbsp;20 a 26 de fevereiro<\/strong>\n &#8211; entrar\u00e3o em vigor medidas de seguran\u00e7a designadas aos &#8220;Voos \nRecreativos&#8221; sobre as cidades de Recife e Olinda (PE), Salvador (BA), \nRio de Janeiro (RJ) e S\u00e3o Paulo (SP) &#8211; localidades com movimenta\u00e7\u00e3o j\u00e1 \nreconhecida pelo intenso n\u00famero de blocos de rua e\/ou desfiles de \nescolas de samba. <\/p>\n\n\n\n<p>\n<strong>N\u00e3o ser\u00e1 poss\u00edvel, neste per\u00edodo, solicitar voos sobre estas regi\u00f5es marcadas nas fotos acima.<\/strong> <\/p>\n\n\n\n<p>Importante destacar que os voos n\u00e3o recreativos n\u00e3o ser\u00e3o afetados e que  o objetivo maior \u00e9 a salvaguarda das pessoas, como explica a Major  Aviadora Daniele Ferreira C\u00e9sar Lins Chycziv, assessora da Se\u00e7\u00e3o de  Planejamento de Gerenciamento de Tr\u00e1fego A\u00e9reo do DECEA: &#8220;Esses voos n\u00e3o  recreativos seguem par\u00e2metros com uma avalia\u00e7\u00e3o de risco operacional  apurada, por isso n\u00e3o sofrer\u00e3o impacto\u201d. <\/p>\n\n\n\n<p>Ressaltamos que as comemora\u00e7\u00f5es carnavalescas devem acontecer dentro da legalidade e com total seguran\u00e7a. Por isso, sigam as&nbsp;<a href=\"https:\/\/servicos.decea.gov.br\/sarpas\/\" target=\"_blank\" rel=\"noreferrer noopener\" aria-label=\"regras (abre numa nova aba)\">regras<\/a>: <\/p>\n\n\n\n<figure class=\"wp-block-image size-large\"><img loading=\"lazy\" decoding=\"async\" width=\"600\" height=\"550\" src=\"https:\/\/dronefriendly.com.br\/v01\/wp-content\/uploads\/2020\/02\/Info_SITE-03.jpg\" alt=\"\" class=\"wp-image-4817\" srcset=\"https:\/\/dronefriendly.com.br\/v01\/wp-content\/uploads\/2020\/02\/Info_SITE-03.jpg 600w, https:\/\/dronefriendly.com.br\/v01\/wp-content\/uploads\/2020\/02\/Info_SITE-03-300x275.jpg 300w\" sizes=\"auto, (max-width: 600px) 100vw, 600px\" \/><\/figure>\n\n\n\n<p><strong>O uso irrespons\u00e1vel do espa\u00e7o a\u00e9reo poder\u00e1 ser enquadrado, conforme o caso, nas leis abaixo especificadas:<\/strong> <\/p>\n\n\n\n<p><strong>Decreto Lei 2.848\/1940&nbsp;\u2013 C\u00f3digo Penal<\/strong> <br>Art. 132 &#8211; Expor a vida ou a sa\u00fade de outrem a perigo direto e iminente.  Art. 261 &#8211; Expor a perigo embarca\u00e7\u00e3o ou aeronave, pr\u00f3pria ou alheia, ou  praticar qualquer ato tendente a impedir ou dificultar navega\u00e7\u00e3o  mar\u00edtima, fluvial ou a\u00e9rea. <\/p>\n\n\n\n<p><strong>Lei 7.565&nbsp;\u2013 C\u00f3digo Brasileiro de Aeron\u00e1utica &#8211; CBA<\/strong> <br>Art. 289 &#8211; Na infra\u00e7\u00e3o aos preceitos deste C\u00f3digo ou da legisla\u00e7\u00e3o  complementar, a autoridade aeron\u00e1utica poder\u00e1 tomar as seguintes  provid\u00eancias administrativas: I \u2013 multa. <br>Art. 291 &#8211; Toda vez que se verifique a ocorr\u00eancia de infra\u00e7\u00e3o prevista  neste C\u00f3digo ou na legisla\u00e7\u00e3o complementar, a autoridade aeron\u00e1utica  lavrar\u00e1 o respectivo auto, remetendo-o \u00e0 autoridade ou ao \u00f3rg\u00e3o  competente para a apura\u00e7\u00e3o, julgamento ou provid\u00eancia administrativa  cab\u00edvel. \u00a7 1\u00b0 Quando a infra\u00e7\u00e3o constituir crime, a autoridade levar\u00e1,  imediatamente, o fato ao conhecimento da autoridade policial ou judicial  competente <\/p>\n\n\n\n<p><strong>Lei 10.406\/2002&nbsp;\u2013 C\u00f3digo Civil<\/strong> <br>Art. 186 &#8211; Aquele que, por a\u00e7\u00e3o ou omiss\u00e3o volunt\u00e1ria, neglig\u00eancia ou  imprud\u00eancia, violar direito e causar dano a outrem, ainda que  exclusivamente moral, comete ato il\u00edcito. <\/p>\n\n\n\n<p><strong>Decreto Lei 3.688\/1941\u00a0&#8211; Lei das Contraven\u00e7\u00f5es Penais<\/strong> <br>Art. 33 &#8211; Dirigir aeronave sem estar devidamente licenciado. <br>Art. 35 &#8211; Entregar-se na pr\u00e1tica da avia\u00e7\u00e3o, a acrobacias ou a voos baixos, fora  da zona em que a lei o permite, ou fazer descer a aeronave fora dos  lugares destinados a esse fim. <\/p>\n\n\n\n<figure class=\"wp-block-gallery columns-3 is-cropped wp-block-gallery-1 is-layout-flex wp-block-gallery-is-layout-flex\"><ul class=\"blocks-gallery-grid\"><li class=\"blocks-gallery-item\"><figure><img loading=\"lazy\" decoding=\"async\" width=\"800\" height=\"508\" src=\"https:\/\/dronefriendly.com.br\/v01\/wp-content\/uploads\/2020\/02\/RIO-DE-JANEIRO-800x508.jpg\" alt=\"\" data-id=\"4819\" data-full-url=\"https:\/\/dronefriendly.com.br\/v01\/wp-content\/uploads\/2020\/02\/RIO-DE-JANEIRO.jpg\" data-link=\"https:\/\/dronefriendly.com.br\/v01\/?attachment_id=4819\" class=\"wp-image-4819\" srcset=\"https:\/\/dronefriendly.com.br\/v01\/wp-content\/uploads\/2020\/02\/RIO-DE-JANEIRO-800x508.jpg 800w, https:\/\/dronefriendly.com.br\/v01\/wp-content\/uploads\/2020\/02\/RIO-DE-JANEIRO-300x191.jpg 300w, https:\/\/dronefriendly.com.br\/v01\/wp-content\/uploads\/2020\/02\/RIO-DE-JANEIRO-768x488.jpg 768w, https:\/\/dronefriendly.com.br\/v01\/wp-content\/uploads\/2020\/02\/RIO-DE-JANEIRO-600x381.jpg 600w, https:\/\/dronefriendly.com.br\/v01\/wp-content\/uploads\/2020\/02\/RIO-DE-JANEIRO.jpg 1266w\" sizes=\"auto, (max-width: 800px) 100vw, 800px\" \/><\/figure><\/li><li class=\"blocks-gallery-item\"><figure><img loading=\"lazy\" decoding=\"async\" width=\"800\" height=\"407\" src=\"https:\/\/dronefriendly.com.br\/v01\/wp-content\/uploads\/2020\/02\/copacabana1-800x407.jpg\" alt=\"\" data-id=\"4820\" data-full-url=\"https:\/\/dronefriendly.com.br\/v01\/wp-content\/uploads\/2020\/02\/copacabana1.jpg\" data-link=\"https:\/\/dronefriendly.com.br\/v01\/?attachment_id=4820\" class=\"wp-image-4820\" srcset=\"https:\/\/dronefriendly.com.br\/v01\/wp-content\/uploads\/2020\/02\/copacabana1-800x407.jpg 800w, https:\/\/dronefriendly.com.br\/v01\/wp-content\/uploads\/2020\/02\/copacabana1-300x153.jpg 300w, https:\/\/dronefriendly.com.br\/v01\/wp-content\/uploads\/2020\/02\/copacabana1-768x391.jpg 768w, https:\/\/dronefriendly.com.br\/v01\/wp-content\/uploads\/2020\/02\/copacabana1-600x305.jpg 600w, https:\/\/dronefriendly.com.br\/v01\/wp-content\/uploads\/2020\/02\/copacabana1.jpg 1409w\" sizes=\"auto, (max-width: 800px) 100vw, 800px\" \/><\/figure><\/li><li class=\"blocks-gallery-item\"><figure><img loading=\"lazy\" decoding=\"async\" width=\"800\" height=\"467\" src=\"https:\/\/dronefriendly.com.br\/v01\/wp-content\/uploads\/2020\/02\/NFZ-Olinda-800x467.jpg\" alt=\"\" data-id=\"4821\" data-full-url=\"https:\/\/dronefriendly.com.br\/v01\/wp-content\/uploads\/2020\/02\/NFZ-Olinda.jpg\" data-link=\"https:\/\/dronefriendly.com.br\/v01\/?attachment_id=4821\" class=\"wp-image-4821\" srcset=\"https:\/\/dronefriendly.com.br\/v01\/wp-content\/uploads\/2020\/02\/NFZ-Olinda-800x467.jpg 800w, https:\/\/dronefriendly.com.br\/v01\/wp-content\/uploads\/2020\/02\/NFZ-Olinda-300x175.jpg 300w, https:\/\/dronefriendly.com.br\/v01\/wp-content\/uploads\/2020\/02\/NFZ-Olinda-768x448.jpg 768w, https:\/\/dronefriendly.com.br\/v01\/wp-content\/uploads\/2020\/02\/NFZ-Olinda-600x350.jpg 600w, https:\/\/dronefriendly.com.br\/v01\/wp-content\/uploads\/2020\/02\/NFZ-Olinda.jpg 1308w\" sizes=\"auto, (max-width: 800px) 100vw, 800px\" \/><\/figure><\/li><li class=\"blocks-gallery-item\"><figure><img loading=\"lazy\" decoding=\"async\" width=\"800\" height=\"417\" src=\"https:\/\/dronefriendly.com.br\/v01\/wp-content\/uploads\/2020\/02\/NFZ-Salvador-800x417.jpg\" alt=\"\" data-id=\"4822\" data-full-url=\"https:\/\/dronefriendly.com.br\/v01\/wp-content\/uploads\/2020\/02\/NFZ-Salvador.jpg\" data-link=\"https:\/\/dronefriendly.com.br\/v01\/?attachment_id=4822\" class=\"wp-image-4822\" srcset=\"https:\/\/dronefriendly.com.br\/v01\/wp-content\/uploads\/2020\/02\/NFZ-Salvador-800x417.jpg 800w, https:\/\/dronefriendly.com.br\/v01\/wp-content\/uploads\/2020\/02\/NFZ-Salvador-300x156.jpg 300w, https:\/\/dronefriendly.com.br\/v01\/wp-content\/uploads\/2020\/02\/NFZ-Salvador-768x401.jpg 768w, https:\/\/dronefriendly.com.br\/v01\/wp-content\/uploads\/2020\/02\/NFZ-Salvador-600x313.jpg 600w, https:\/\/dronefriendly.com.br\/v01\/wp-content\/uploads\/2020\/02\/NFZ-Salvador.jpg 1348w\" sizes=\"auto, (max-width: 800px) 100vw, 800px\" \/><\/figure><\/li><li class=\"blocks-gallery-item\"><figure><img loading=\"lazy\" decoding=\"async\" width=\"800\" height=\"465\" src=\"https:\/\/dronefriendly.com.br\/v01\/wp-content\/uploads\/2020\/02\/S\u00c3O-PAULO-800x465.jpg\" alt=\"\" data-id=\"4823\" data-full-url=\"https:\/\/dronefriendly.com.br\/v01\/wp-content\/uploads\/2020\/02\/S\u00c3O-PAULO.jpg\" data-link=\"https:\/\/dronefriendly.com.br\/v01\/?attachment_id=4823\" class=\"wp-image-4823\" srcset=\"https:\/\/dronefriendly.com.br\/v01\/wp-content\/uploads\/2020\/02\/S\u00c3O-PAULO-800x465.jpg 800w, https:\/\/dronefriendly.com.br\/v01\/wp-content\/uploads\/2020\/02\/S\u00c3O-PAULO-300x175.jpg 300w, https:\/\/dronefriendly.com.br\/v01\/wp-content\/uploads\/2020\/02\/S\u00c3O-PAULO-768x447.jpg 768w, https:\/\/dronefriendly.com.br\/v01\/wp-content\/uploads\/2020\/02\/S\u00c3O-PAULO-600x349.jpg 600w, https:\/\/dronefriendly.com.br\/v01\/wp-content\/uploads\/2020\/02\/S\u00c3O-PAULO.jpg 1358w\" sizes=\"auto, (max-width: 800px) 100vw, 800px\" \/><\/figure><\/li><\/ul><\/figure>\n\n\n\n<p>Fonte: <a href=\"https:\/\/www.decea.gov.br\/?i=midia-e-informacao&amp;p=pg_noticia&amp;materia=medidas-de-seguranca-voos-recreativos-durante-as-comemoracoes-de-ano-novo\" target=\"_blank\" rel=\"noreferrer noopener\" aria-label=\"DECEA (abre numa nova aba)\">DECEA<\/a><\/p>\n","protected":false},"excerpt":{"rendered":"<p>O Departamento de Controle do Espa\u00e7o A\u00e9reo (DECEA) informa que no per\u00edodo do Carnaval 2020&nbsp;&#8211; de&nbsp;20 a 26 de fevereiro&hellip;<\/p>\n","protected":false},"author":1,"featured_media":4818,"comment_status":"open","ping_status":"open","sticky":false,"template":"","format":"standard","meta":{"googlesitekit_rrm_CAowr_bfCw:productID":"","footnotes":""},"categories":[4],"tags":[266,15,17],"class_list":["post-4816","post","type-post","status-publish","format-standard","has-post-thumbnail","hentry","category-noticias","tag-carnaval-2020","tag-decea","tag-legislacao"],"_links":{"self":[{"href":"https:\/\/dronefriendly.com.br\/v01\/wp-json\/wp\/v2\/posts\/4816","targetHints":{"allow":["GET"]}}],"collection":[{"href":"https:\/\/dronefriendly.com.br\/v01\/wp-json\/wp\/v2\/posts"}],"about":[{"href":"https:\/\/dronefriendly.com.br\/v01\/wp-json\/wp\/v2\/types\/post"}],"author":[{"embeddable":true,"href":"https:\/\/dronefriendly.com.br\/v01\/wp-json\/wp\/v2\/users\/1"}],"replies":[{"embeddable":true,"href":"https:\/\/dronefriendly.com.br\/v01\/wp-json\/wp\/v2\/comments?post=4816"}],"version-history":[{"count":2,"href":"https:\/\/dronefriendly.com.br\/v01\/wp-json\/wp\/v2\/posts\/4816\/revisions"}],"predecessor-version":[{"id":4839,"href":"https:\/\/dronefriendly.com.br\/v01\/wp-json\/wp\/v2\/posts\/4816\/revisions\/4839"}],"wp:featuredmedia":[{"embeddable":true,"href":"https:\/\/dronefriendly.com.br\/v01\/wp-json\/wp\/v2\/media\/4818"}],"wp:attachment":[{"href":"https:\/\/dronefriendly.com.br\/v01\/wp-json\/wp\/v2\/media?parent=4816"}],"wp:term":[{"taxonomy":"category","embeddable":true,"href":"https:\/\/dronefriendly.com.br\/v01\/wp-json\/wp\/v2\/categories?post=4816"},{"taxonomy":"post_tag","embeddable":true,"href":"https:\/\/dronefriendly.com.br\/v01\/wp-json\/wp\/v2\/tags?post=4816"}],"curies":[{"name":"wp","href":"https:\/\/api.w.org\/{rel}","templated":true}]}}