{"id":4987,"date":"2020-02-27T19:13:10","date_gmt":"2020-02-27T22:13:10","guid":{"rendered":"https:\/\/dronefriendly.com.br\/v01\/?p=4987"},"modified":"2020-02-27T22:16:47","modified_gmt":"2020-02-28T01:16:47","slug":"nfz-geral-nesse-carnaval-muita-gente-nao-conseguiu-autorizacao-no-sarpas","status":"publish","type":"post","link":"https:\/\/dronefriendly.com.br\/v01\/nfz-geral-nesse-carnaval-muita-gente-nao-conseguiu-autorizacao-no-sarpas\/","title":{"rendered":"NFZ geral: Nesse Carnaval muita gente n\u00e3o conseguiu autoriza\u00e7\u00e3o no SARPAS"},"content":{"rendered":"\n<h4 class=\"wp-block-heading\">O DECEA aplicou medidas de seguran\u00e7a para o Carnaval dos dias 20 a 26 de fevereiro de 2020. Mas pelas informa\u00e7\u00f5es que recebemos (e simula\u00e7\u00f5es), parece que excedeu um pouco essas restri\u00e7\u00f5es no SARPAS.<\/h4>\n\n\n\n<p>Conforme postamos a <a rel=\"noreferrer noopener\" aria-label=\"mat\u00e9ria  (abre numa nova aba)\" href=\"https:\/\/dronefriendly.com.br\/v01\/carnaval-2020-decea-informa-as-medidas-de-seguranca-aplicadas-para-voos-recreativos-em-pe-ba-rj-e-sp\/\" target=\"_blank\">mat\u00e9ria <\/a>dia 20\/02, relacionada \u00e0s medidas de seguran\u00e7a para o Carnaval, vimos com bons olhos, afinal, trata-se de uma grande concentra\u00e7\u00e3o de pessoas em terra que est\u00e3o l\u00e1 para se divertir com seguran\u00e7a e temos consci\u00eancia que um drone pode estragar a festa.<br>Por\u00e9m, por uma falha do DECEA, seja de comunica\u00e7\u00e3o ou t\u00e9cnica, muita gente reclamou nas redes sociais sobre as restri\u00e7\u00f5es que passavam em muito, do raio do local onde haviam as j\u00e1 conhecidas movimenta\u00e7\u00f5es de Carnaval, o que fugia ao que estava impl\u00edcito na <a rel=\"noreferrer noopener\" aria-label=\"comunica\u00e7\u00e3o oficial (abre numa nova aba)\" href=\"https:\/\/www.decea.gov.br\/?i=midia-e-informacao&amp;p=pg_noticia&amp;materia=medidas-de-seguranca-voos-recreativos-durante-as-comemoracoes-de-ano-novo\" target=\"_blank\">comunica\u00e7\u00e3o oficial<\/a>  no post da ASCOM\/DECEA &#8211; Por exemplo, pessoa poderia estar em Atibaia-SP a cerca de 50km de S\u00e3o Paulo ou at\u00e9 mesmo em S\u00e3o Pedro, h\u00e1 200km que no SARPAS o voo n\u00e3o estaria autorizado devido a &#8220;NFZ Carnaval Marques de S\u00e3o Vicente&#8221;, tentamos voo em S\u00e3o Bernardo do Campo e at\u00e9 houve gente tentando em Praia Grande-SP (80km) e recebia a negativa &#8220;NFZ Carnaval Ibirapuera&#8221;. <br>Hoje, dia 27, tentamos simular autoriza\u00e7\u00e3o do SARPAS no estacionamento dos fundos do Gin\u00e1sio Poliesportivo de S\u00e3o Bernardo e continua n\u00e3o autorizando, devido ao Carnaval do Ibirapuera. <br>Situa\u00e7\u00f5es como essas s\u00e3o sem d\u00favidas preocupantes, primeiro porque pro\u00edbe quem realmente quer voar seguindo \u00e0s regras de utiliza\u00e7\u00e3o do espa\u00e7o a\u00e9reo brasileiro; segundo, porque pode abrir brechas para muita gente at\u00e9 por necessidade profissional deixar de seguir as normas. <br>Outra e talvez a maior preocupa\u00e7\u00e3o, \u00e9 a inexist\u00eancia de um canal direto e menos burocr\u00e1tico para entrar em contato com o DECEA como em uma situa\u00e7\u00e3o como essa que ocorreu no Carnaval, pois o \u00fanico contato \u00e9 por escrito e com tempo de resposta de at\u00e9 20 dias. Algo p\u00e9ssimo quando falamos que a legisla\u00e7\u00e3o de drones no Brasil \u00e9 uma das mais modernas do mundo.  <\/p>\n\n\n\n<p>E voc\u00ea? Teve problemas com autoriza\u00e7\u00e3o do SARPAS? Comente&#8230; \ud83d\ude42<\/p>\n","protected":false},"excerpt":{"rendered":"<p>O DECEA aplicou medidas de seguran\u00e7a para o Carnaval dos dias 20 a 26 de fevereiro de 2020. Mas pelas&hellip;<\/p>\n","protected":false},"author":1,"featured_media":373,"comment_status":"open","ping_status":"open","sticky":false,"template":"","format":"standard","meta":{"googlesitekit_rrm_CAowr_bfCw:productID":"","footnotes":""},"categories":[4],"tags":[15,267,268],"class_list":["post-4987","post","type-post","status-publish","format-standard","has-post-thumbnail","hentry","category-noticias","tag-decea","tag-restricoes","tag-sarpas"],"_links":{"self":[{"href":"https:\/\/dronefriendly.com.br\/v01\/wp-json\/wp\/v2\/posts\/4987","targetHints":{"allow":["GET"]}}],"collection":[{"href":"https:\/\/dronefriendly.com.br\/v01\/wp-json\/wp\/v2\/posts"}],"about":[{"href":"https:\/\/dronefriendly.com.br\/v01\/wp-json\/wp\/v2\/types\/post"}],"author":[{"embeddable":true,"href":"https:\/\/dronefriendly.com.br\/v01\/wp-json\/wp\/v2\/users\/1"}],"replies":[{"embeddable":true,"href":"https:\/\/dronefriendly.com.br\/v01\/wp-json\/wp\/v2\/comments?post=4987"}],"version-history":[{"count":4,"href":"https:\/\/dronefriendly.com.br\/v01\/wp-json\/wp\/v2\/posts\/4987\/revisions"}],"predecessor-version":[{"id":4996,"href":"https:\/\/dronefriendly.com.br\/v01\/wp-json\/wp\/v2\/posts\/4987\/revisions\/4996"}],"wp:featuredmedia":[{"embeddable":true,"href":"https:\/\/dronefriendly.com.br\/v01\/wp-json\/wp\/v2\/media\/373"}],"wp:attachment":[{"href":"https:\/\/dronefriendly.com.br\/v01\/wp-json\/wp\/v2\/media?parent=4987"}],"wp:term":[{"taxonomy":"category","embeddable":true,"href":"https:\/\/dronefriendly.com.br\/v01\/wp-json\/wp\/v2\/categories?post=4987"},{"taxonomy":"post_tag","embeddable":true,"href":"https:\/\/dronefriendly.com.br\/v01\/wp-json\/wp\/v2\/tags?post=4987"}],"curies":[{"name":"wp","href":"https:\/\/api.w.org\/{rel}","templated":true}]}}