{"id":5767,"date":"2020-10-06T00:54:41","date_gmt":"2020-10-06T03:54:41","guid":{"rendered":"https:\/\/dronefriendly.com.br\/v01\/?p=5767"},"modified":"2020-10-06T11:43:35","modified_gmt":"2020-10-06T14:43:35","slug":"drone-encontrado-e-devolvido-4-meses-apos-sua-queda-em-um-riacho","status":"publish","type":"post","link":"https:\/\/dronefriendly.com.br\/v01\/drone-encontrado-e-devolvido-4-meses-apos-sua-queda-em-um-riacho\/","title":{"rendered":"Drone encontrado (e devolvido) 4 meses ap\u00f3s sua queda em riacho"},"content":{"rendered":"\n<p>Pensilv\u00e2nia, EUA<\/p>\n\n\n\n<h5 class=\"wp-block-heading\">S\u00e3o coisas que a gente gostaria de ver mais vezes e que nos fazem acreditar que existem sim, muita gente preocupada com o pr\u00f3ximo: Essa \u00e9 hist\u00f3ria do Mavic Mini do usu\u00e1rio B Mills, do f\u00f3rum oficial da DJI.<\/h5>\n\n\n\n<div class=\"wp-block-image\"><figure class=\"aligncenter size-large\"><img loading=\"lazy\" decoding=\"async\" width=\"523\" height=\"346\" src=\"https:\/\/dronefriendly.com.br\/v01\/wp-content\/uploads\/2020\/10\/2020-10-06-00_51_45-DJI-Mavic-Mini-lost-in-the-water-and-found-4-months-later.-Will-it-still-fly_-.png\" alt=\"\" class=\"wp-image-5770\" srcset=\"https:\/\/dronefriendly.com.br\/v01\/wp-content\/uploads\/2020\/10\/2020-10-06-00_51_45-DJI-Mavic-Mini-lost-in-the-water-and-found-4-months-later.-Will-it-still-fly_-.png 523w, https:\/\/dronefriendly.com.br\/v01\/wp-content\/uploads\/2020\/10\/2020-10-06-00_51_45-DJI-Mavic-Mini-lost-in-the-water-and-found-4-months-later.-Will-it-still-fly_--300x198.png 300w\" sizes=\"auto, (max-width: 523px) 100vw, 523px\" \/><\/figure><\/div>\n\n\n\n<p>Em maio desse ano, B Mills foi fazer um breve passeio ao norte dos EUA e levou seu Mavic Mini para captar imagens das montanhas. Tinha tamb\u00e9m como objetivo obter takes cinematogr\u00e1ficos voando em baixa altura sobre um riacho. O que ele n\u00e3o sabia \u00e9 que os sensores n\u00e3o s\u00e3o precisos em superf\u00edcies com reflexo em movimento, como um riacho, e por consequ\u00eancia, a aeronave come\u00e7ou a descer e, instintivamente deu comando para subir, mas n\u00e3o teve sucesso e s\u00f3 restou ver na tela do celular a aeronave pousando na \u00e1gua e perdendo o sinal. At\u00e9 tentou procurar, ficou l\u00e1 por mais de seis horas por\u00e9m, sem sucesso, voltou para casa sem o aparelho. <\/p>\n\n\n\n<p>Passaram-se quatro meses e recebeu o seguinte email da DJI&#8230;<\/p>\n\n\n\n<div class=\"wp-block-image\"><figure class=\"aligncenter size-large\"><img loading=\"lazy\" decoding=\"async\" width=\"724\" height=\"370\" src=\"https:\/\/dronefriendly.com.br\/v01\/wp-content\/uploads\/2020\/10\/2020-10-05-23_36_43-DJI-Mavic-Mini-lost-in-the-water-and-found-4-months-later.-Will-it-still-fly_-.png\" alt=\"\" class=\"wp-image-5769\" srcset=\"https:\/\/dronefriendly.com.br\/v01\/wp-content\/uploads\/2020\/10\/2020-10-05-23_36_43-DJI-Mavic-Mini-lost-in-the-water-and-found-4-months-later.-Will-it-still-fly_-.png 724w, https:\/\/dronefriendly.com.br\/v01\/wp-content\/uploads\/2020\/10\/2020-10-05-23_36_43-DJI-Mavic-Mini-lost-in-the-water-and-found-4-months-later.-Will-it-still-fly_--300x153.png 300w, https:\/\/dronefriendly.com.br\/v01\/wp-content\/uploads\/2020\/10\/2020-10-05-23_36_43-DJI-Mavic-Mini-lost-in-the-water-and-found-4-months-later.-Will-it-still-fly_--600x307.png 600w\" sizes=\"auto, (max-width: 724px) 100vw, 724px\" \/><\/figure><\/div>\n\n\n\n<p>&#8230;Informando que uma pessoa encontrou o Mavic Mini desejaria devolve-lo.<\/p>\n\n\n\n<p>O fato \u00e9 que quando \u00e9 ativado o drone na conta DJI, o e-mail cadastrado ficar\u00e1 vinculado ao n\u00famero de s\u00e9rie da aeronave, o que nesse caso facilitou muito encontrar o seu propriet\u00e1rio. <br>Agora a parte mais incr\u00edvel dessa hist\u00f3ria, ao pegar o drone, Mills retirou seu cart\u00e3o de mem\u00f3ria que mesmo submerso por tanto tempo, funcionou, e o mais impressionante:<strong> tinha um v\u00eddeo de 15 minutos gravados debaixo d&#8217;\u00e1gua!<\/strong> Foram feitos outros testes, chegou at\u00e9 a carregar a bateria, mas nada mais que isso, se vai voltar a funcionar ou n\u00e3o, a\u00ed j\u00e1 \u00e9 outra hist\u00f3ria&#8230;<\/p>\n\n\n\n<p>Segue o v\u00eddeo, est\u00e1 em ingl\u00eas mas se quiser ver imagens obtidas pela nova c\u00e2mera subaqu\u00e1tica da DJI, pule para 8:41:<\/p>\n\n\n\n<figure class=\"wp-block-embed-youtube aligncenter wp-block-embed is-type-video is-provider-youtube wp-embed-aspect-16-9 wp-has-aspect-ratio\"><div class=\"wp-block-embed__wrapper\">\n<iframe loading=\"lazy\" title=\"DJI Mavic Mini lost in the water and found 4 months later. Will it still fly?\" width=\"1140\" height=\"641\" src=\"https:\/\/www.youtube.com\/embed\/_noIyFd_Qkc?feature=oembed\" frameborder=\"0\" allow=\"accelerometer; autoplay; clipboard-write; encrypted-media; gyroscope; picture-in-picture\" allowfullscreen><\/iframe>\n<\/div><\/figure>\n\n\n\n<p>E termino aqui, agora com um d\u00favida sanada que eu tinha em rela\u00e7\u00e3o \u00e0 durabilidade do adesivo onde consta o n\u00famero de s\u00e9rie e QR-Code do Mavic Mini. <\/p>\n\n\n\n<p>At\u00e9 a pr\u00f3xima<br>\ud83d\ude42<\/p>\n\n\n\n<p>Fonte: <a rel=\"noreferrer noopener\" href=\"https:\/\/forum.dji.com\/forum.php?mod=viewthread&amp;tid=225935\" target=\"_blank\">F\u00f3rum DJI <\/a> (em ingl\u00eas)<\/p>\n\n\n\n<p>Agradecimento especial:  B Mills <br>Instagram <a rel=\"noreferrer noopener\" href=\"https:\/\/www.instagram.com\/bgmap\/?hl=en\" target=\"_blank\">@bgmap<\/a><\/p>\n","protected":false},"excerpt":{"rendered":"<p>Pensilv\u00e2nia, EUA S\u00e3o coisas que a gente gostaria de ver mais vezes e que nos fazem acreditar que existem sim,&hellip;<\/p>\n","protected":false},"author":2,"featured_media":5768,"comment_status":"open","ping_status":"open","sticky":false,"template":"","format":"standard","meta":{"googlesitekit_rrm_CAowr_bfCw:productID":"","footnotes":""},"categories":[5],"tags":[310,226],"class_list":["post-5767","post","type-post","status-publish","format-standard","has-post-thumbnail","hentry","category-artigos","tag-final-feliz","tag-mavic-mini"],"_links":{"self":[{"href":"https:\/\/dronefriendly.com.br\/v01\/wp-json\/wp\/v2\/posts\/5767","targetHints":{"allow":["GET"]}}],"collection":[{"href":"https:\/\/dronefriendly.com.br\/v01\/wp-json\/wp\/v2\/posts"}],"about":[{"href":"https:\/\/dronefriendly.com.br\/v01\/wp-json\/wp\/v2\/types\/post"}],"author":[{"embeddable":true,"href":"https:\/\/dronefriendly.com.br\/v01\/wp-json\/wp\/v2\/users\/2"}],"replies":[{"embeddable":true,"href":"https:\/\/dronefriendly.com.br\/v01\/wp-json\/wp\/v2\/comments?post=5767"}],"version-history":[{"count":8,"href":"https:\/\/dronefriendly.com.br\/v01\/wp-json\/wp\/v2\/posts\/5767\/revisions"}],"predecessor-version":[{"id":5778,"href":"https:\/\/dronefriendly.com.br\/v01\/wp-json\/wp\/v2\/posts\/5767\/revisions\/5778"}],"wp:featuredmedia":[{"embeddable":true,"href":"https:\/\/dronefriendly.com.br\/v01\/wp-json\/wp\/v2\/media\/5768"}],"wp:attachment":[{"href":"https:\/\/dronefriendly.com.br\/v01\/wp-json\/wp\/v2\/media?parent=5767"}],"wp:term":[{"taxonomy":"category","embeddable":true,"href":"https:\/\/dronefriendly.com.br\/v01\/wp-json\/wp\/v2\/categories?post=5767"},{"taxonomy":"post_tag","embeddable":true,"href":"https:\/\/dronefriendly.com.br\/v01\/wp-json\/wp\/v2\/tags?post=5767"}],"curies":[{"name":"wp","href":"https:\/\/api.w.org\/{rel}","templated":true}]}}