{"id":5779,"date":"2020-10-06T14:36:09","date_gmt":"2020-10-06T17:36:09","guid":{"rendered":"https:\/\/dronefriendly.com.br\/v01\/?p=5779"},"modified":"2020-11-05T10:47:08","modified_gmt":"2020-11-05T13:47:08","slug":"lancamento-iminente-camera-drone-da-dji-seria-o-mavic-mini-2","status":"publish","type":"post","link":"https:\/\/dronefriendly.com.br\/v01\/lancamento-iminente-camera-drone-da-dji-seria-o-mavic-mini-2\/","title":{"rendered":"Lan\u00e7amento iminente &#8220;Camera Drone&#8221; da DJI: Seria o Mavic Mini 2?"},"content":{"rendered":"\n<p>Entrou hoje na base de dados da FCC, um produto da DJI chamado <strong>Camera Drone<\/strong>.<\/p>\n\n\n\n<div class=\"wp-block-image\"><figure class=\"aligncenter size-large\"><img loading=\"lazy\" decoding=\"async\" width=\"444\" height=\"289\" src=\"https:\/\/dronefriendly.com.br\/v01\/wp-content\/uploads\/2020\/10\/maVIMIni2001.jpg\" alt=\"\" class=\"wp-image-5785\" srcset=\"https:\/\/dronefriendly.com.br\/v01\/wp-content\/uploads\/2020\/10\/maVIMIni2001.jpg 444w, https:\/\/dronefriendly.com.br\/v01\/wp-content\/uploads\/2020\/10\/maVIMIni2001-300x195.jpg 300w\" sizes=\"auto, (max-width: 444px) 100vw, 444px\" \/><\/figure><\/div>\n\n\n\n<p>Na se\u00e7\u00e3o &#8220;Label&#8221; (etiqueta) aparece o nome Camera Drone e no local onde vai ser colada essa etiqueta, o desenho da parte traseira do Mavic Mini de ponta cabe\u00e7a&#8230;<br>A primeira observa\u00e7\u00e3o \u00e9 a bateria, 7.7V 2250mAh, que \u00e9 diferente da vers\u00e3o do Mini que conhecemos que \u00e9 7.4V 2400mAh.<\/p>\n\n\n\n<div class=\"wp-block-image\"><figure class=\"aligncenter size-large\"><img loading=\"lazy\" decoding=\"async\" width=\"334\" height=\"376\" src=\"https:\/\/dronefriendly.com.br\/v01\/wp-content\/uploads\/2020\/10\/maVIMIni2002.jpg\" alt=\"\" class=\"wp-image-5783\" srcset=\"https:\/\/dronefriendly.com.br\/v01\/wp-content\/uploads\/2020\/10\/maVIMIni2002.jpg 334w, https:\/\/dronefriendly.com.br\/v01\/wp-content\/uploads\/2020\/10\/maVIMIni2002-266x300.jpg 266w\" sizes=\"auto, (max-width: 334px) 100vw, 334px\" \/><\/figure><\/div>\n\n\n\n<p>&#8230; seria o Mavic Mini 2?<\/p>\n\n\n\n<p>Atualizado 2020\/10\/06-19:05<\/p>\n\n\n\n<p>Fotos vazadas de um e-commerce da R\u00fassia (traduzido para o via google tradutor) com algumas especifica\u00e7\u00f5es:<\/p>\n\n\n\n<figure class=\"wp-block-image size-large\"><img loading=\"lazy\" decoding=\"async\" width=\"277\" height=\"600\" src=\"https:\/\/dronefriendly.com.br\/v01\/wp-content\/uploads\/2020\/10\/EjrUwNJXkAMjk7M-277x600.jpg\" alt=\"\" class=\"wp-image-5790\" srcset=\"https:\/\/dronefriendly.com.br\/v01\/wp-content\/uploads\/2020\/10\/EjrUwNJXkAMjk7M-277x600.jpg 277w, https:\/\/dronefriendly.com.br\/v01\/wp-content\/uploads\/2020\/10\/EjrUwNJXkAMjk7M-138x300.jpg 138w, https:\/\/dronefriendly.com.br\/v01\/wp-content\/uploads\/2020\/10\/EjrUwNJXkAMjk7M-768x1664.jpg 768w, https:\/\/dronefriendly.com.br\/v01\/wp-content\/uploads\/2020\/10\/EjrUwNJXkAMjk7M-709x1536.jpg 709w, https:\/\/dronefriendly.com.br\/v01\/wp-content\/uploads\/2020\/10\/EjrUwNJXkAMjk7M-600x1300.jpg 600w, https:\/\/dronefriendly.com.br\/v01\/wp-content\/uploads\/2020\/10\/EjrUwNJXkAMjk7M.jpg 945w\" sizes=\"auto, (max-width: 277px) 100vw, 277px\" \/><\/figure>\n\n\n\n<figure class=\"wp-block-image size-large\"><img loading=\"lazy\" decoding=\"async\" width=\"277\" height=\"600\" src=\"https:\/\/dronefriendly.com.br\/v01\/wp-content\/uploads\/2020\/10\/EjrUeLtXsAAut4G-277x600.jpg\" alt=\"\" class=\"wp-image-5791\" srcset=\"https:\/\/dronefriendly.com.br\/v01\/wp-content\/uploads\/2020\/10\/EjrUeLtXsAAut4G-277x600.jpg 277w, https:\/\/dronefriendly.com.br\/v01\/wp-content\/uploads\/2020\/10\/EjrUeLtXsAAut4G-138x300.jpg 138w, https:\/\/dronefriendly.com.br\/v01\/wp-content\/uploads\/2020\/10\/EjrUeLtXsAAut4G-768x1664.jpg 768w, https:\/\/dronefriendly.com.br\/v01\/wp-content\/uploads\/2020\/10\/EjrUeLtXsAAut4G-709x1536.jpg 709w, https:\/\/dronefriendly.com.br\/v01\/wp-content\/uploads\/2020\/10\/EjrUeLtXsAAut4G-600x1300.jpg 600w, https:\/\/dronefriendly.com.br\/v01\/wp-content\/uploads\/2020\/10\/EjrUeLtXsAAut4G-831x1800.jpg 831w, https:\/\/dronefriendly.com.br\/v01\/wp-content\/uploads\/2020\/10\/EjrUeLtXsAAut4G.jpg 945w\" sizes=\"auto, (max-width: 277px) 100vw, 277px\" \/><\/figure>\n\n\n\n<p>Via Rafael Ritter <a href=\"https:\/\/twitter.com\/dronemodelismo\" target=\"_blank\" rel=\"noreferrer noopener\">@dronemodelismo<\/a><\/p>\n","protected":false},"excerpt":{"rendered":"<p>Entrou hoje na base de dados da FCC, um produto da DJI chamado Camera Drone. Na se\u00e7\u00e3o &#8220;Label&#8221; (etiqueta) aparece&hellip;<\/p>\n","protected":false},"author":1,"featured_media":5783,"comment_status":"open","ping_status":"open","sticky":false,"template":"","format":"standard","meta":{"googlesitekit_rrm_CAowr_bfCw:productID":"","footnotes":""},"categories":[4],"tags":[6,307,312,316],"class_list":["post-5779","post","type-post","status-publish","format-standard","has-post-thumbnail","hentry","category-noticias","tag-dji","tag-leak","tag-mavic-mini-2","tag-mini-2"],"_links":{"self":[{"href":"https:\/\/dronefriendly.com.br\/v01\/wp-json\/wp\/v2\/posts\/5779","targetHints":{"allow":["GET"]}}],"collection":[{"href":"https:\/\/dronefriendly.com.br\/v01\/wp-json\/wp\/v2\/posts"}],"about":[{"href":"https:\/\/dronefriendly.com.br\/v01\/wp-json\/wp\/v2\/types\/post"}],"author":[{"embeddable":true,"href":"https:\/\/dronefriendly.com.br\/v01\/wp-json\/wp\/v2\/users\/1"}],"replies":[{"embeddable":true,"href":"https:\/\/dronefriendly.com.br\/v01\/wp-json\/wp\/v2\/comments?post=5779"}],"version-history":[{"count":8,"href":"https:\/\/dronefriendly.com.br\/v01\/wp-json\/wp\/v2\/posts\/5779\/revisions"}],"predecessor-version":[{"id":5793,"href":"https:\/\/dronefriendly.com.br\/v01\/wp-json\/wp\/v2\/posts\/5779\/revisions\/5793"}],"wp:featuredmedia":[{"embeddable":true,"href":"https:\/\/dronefriendly.com.br\/v01\/wp-json\/wp\/v2\/media\/5783"}],"wp:attachment":[{"href":"https:\/\/dronefriendly.com.br\/v01\/wp-json\/wp\/v2\/media?parent=5779"}],"wp:term":[{"taxonomy":"category","embeddable":true,"href":"https:\/\/dronefriendly.com.br\/v01\/wp-json\/wp\/v2\/categories?post=5779"},{"taxonomy":"post_tag","embeddable":true,"href":"https:\/\/dronefriendly.com.br\/v01\/wp-json\/wp\/v2\/tags?post=5779"}],"curies":[{"name":"wp","href":"https:\/\/api.w.org\/{rel}","templated":true}]}}