{"id":7110,"date":"2021-09-16T09:39:00","date_gmt":"2021-09-16T12:39:00","guid":{"rendered":"https:\/\/dronefriendly.com.br\/v01\/?p=7110"},"modified":"2021-09-18T00:09:46","modified_gmt":"2021-09-18T03:09:46","slug":"novos-autel-nano-autel-smart","status":"publish","type":"post","link":"https:\/\/dronefriendly.com.br\/v01\/novos-autel-nano-autel-smart\/","title":{"rendered":"Novos Autel EVO NANO, Autel EVO LITE e Autel EVO III (atualiza\u00e7\u00e3o)"},"content":{"rendered":"\n<h3 class=\"wp-block-heading\">Break News: O Jasper, pelo Twitter postou os TR\u00caS novos modelos da Autel (agora com nomes corretos) e algumas especifica\u00e7\u00f5es, que est\u00e3o no final dessa mat\u00e9ria:<\/h3>\n\n\n\n<figure class=\"wp-block-image size-large\"><img loading=\"lazy\" decoding=\"async\" width=\"800\" height=\"449\" src=\"https:\/\/dronefriendly.com.br\/v01\/wp-content\/uploads\/2021\/09\/241230721_1221303001693325_6587102363141560161_n-800x449.jpg\" alt=\"\" class=\"wp-image-7112\" srcset=\"https:\/\/dronefriendly.com.br\/v01\/wp-content\/uploads\/2021\/09\/241230721_1221303001693325_6587102363141560161_n-800x449.jpg 800w, https:\/\/dronefriendly.com.br\/v01\/wp-content\/uploads\/2021\/09\/241230721_1221303001693325_6587102363141560161_n-300x169.jpg 300w, https:\/\/dronefriendly.com.br\/v01\/wp-content\/uploads\/2021\/09\/241230721_1221303001693325_6587102363141560161_n-768x431.jpg 768w, https:\/\/dronefriendly.com.br\/v01\/wp-content\/uploads\/2021\/09\/241230721_1221303001693325_6587102363141560161_n-1140x641.jpg 1140w, https:\/\/dronefriendly.com.br\/v01\/wp-content\/uploads\/2021\/09\/241230721_1221303001693325_6587102363141560161_n-720x405.jpg 720w, https:\/\/dronefriendly.com.br\/v01\/wp-content\/uploads\/2021\/09\/241230721_1221303001693325_6587102363141560161_n.jpg 1280w\" sizes=\"auto, (max-width: 800px) 100vw, 800px\" \/><\/figure>\n\n\n\n<p>Mais um sub 250 gramas que agitar\u00e1 esse nicho de mercado e dar\u00e1 certa dor de cabe\u00e7a a DJI, que dever\u00e1 correr (ou n\u00e3o) para lan\u00e7ar o Mini 3&#8230; E a\u00ed, perceberam o os sensores de colis\u00e3o? E essas cores? <\/p>\n\n\n\n<p><strong>Atualiza\u00e7\u00e3o 16\/09\/2021 &#8211; 15h<\/strong><br>No site do Kanzhaji foi apresentado mais um modelo, o <strong>Autel Smart <\/strong>cujo nome correto ser\u00e1<strong> Autel EVO Lite<\/strong>, que conforme relatos, dever\u00e1 ter manobrabilidade, tamanho e semelhan\u00e7a ao DJI Air 2. <\/p>\n\n\n\n<div class=\"wp-block-image\"><figure class=\"aligncenter size-full is-resized\"><img loading=\"lazy\" decoding=\"async\" src=\"https:\/\/dronefriendly.com.br\/v01\/wp-content\/uploads\/2021\/09\/E_aX04RVgAUlznM.jpg\" alt=\"\" class=\"wp-image-7123\" width=\"840\" height=\"588\" srcset=\"https:\/\/dronefriendly.com.br\/v01\/wp-content\/uploads\/2021\/09\/E_aX04RVgAUlznM.jpg 500w, https:\/\/dronefriendly.com.br\/v01\/wp-content\/uploads\/2021\/09\/E_aX04RVgAUlznM-300x210.jpg 300w\" sizes=\"auto, (max-width: 840px) 100vw, 840px\" \/><figcaption>Mais detalhes em no <a href=\"https:\/\/kanzhaji.com\/news\/jixu\/61952.html\" target=\"_blank\" rel=\"noreferrer noopener\">blog do Kanzhaji<\/a><\/figcaption><\/figure><\/div>\n\n\n\n<p><strong>Atualiza\u00e7\u00e3o 17\/09\/2021 &#8211; 13h<\/strong><\/p>\n\n\n\n<h4 class=\"wp-block-heading\">AUTEL EVO III &#8211; Lan\u00e7amento em Outubro de 2021<\/h4>\n\n\n\n<figure class=\"wp-block-image size-large\"><img loading=\"lazy\" decoding=\"async\" width=\"800\" height=\"540\" src=\"https:\/\/dronefriendly.com.br\/v01\/wp-content\/uploads\/2021\/09\/241176813_517242552956156_7809651419073161539_n-800x540.jpg\" alt=\"\" class=\"wp-image-7133\" srcset=\"https:\/\/dronefriendly.com.br\/v01\/wp-content\/uploads\/2021\/09\/241176813_517242552956156_7809651419073161539_n-800x540.jpg 800w, https:\/\/dronefriendly.com.br\/v01\/wp-content\/uploads\/2021\/09\/241176813_517242552956156_7809651419073161539_n-300x202.jpg 300w, https:\/\/dronefriendly.com.br\/v01\/wp-content\/uploads\/2021\/09\/241176813_517242552956156_7809651419073161539_n-768x518.jpg 768w, https:\/\/dronefriendly.com.br\/v01\/wp-content\/uploads\/2021\/09\/241176813_517242552956156_7809651419073161539_n-1536x1036.jpg 1536w, https:\/\/dronefriendly.com.br\/v01\/wp-content\/uploads\/2021\/09\/241176813_517242552956156_7809651419073161539_n.jpg 1752w\" sizes=\"auto, (max-width: 800px) 100vw, 800px\" \/><\/figure>\n\n\n\n<p><strong>Especifica\u00e7\u00f5es<\/strong>:<\/p>\n\n\n\n<ul class=\"wp-block-list\"><li>Imagens a\u00e9reas profissionais<\/li><li>Excelente qualidade de imagem<\/li><li>Imagens para ambiente escuros<\/li><li>38 a 40 minutos de voo<\/li><li>Range de at\u00e9 10km<\/li><\/ul>\n\n\n\n<p><strong>Op\u00e7\u00f5es<\/strong>:<\/p>\n\n\n\n<p>EVO III (sensor de 1 polegada, sensores de obst\u00e1culos omnidirecionais com c\u00e2mera &#8220;olho de peixe&#8221; )<br>EVO III Pro (sensor de 4\/3&#8243;,  sensores de obst\u00e1culos omnidirecionais com c\u00e2mera &#8220;olho de peixe&#8221; )<br>EVO III Zoom (c\u00e2mera 8K dual, zoom 10x,  sensores de obst\u00e1culos omnidirecionais com c\u00e2mera &#8220;olho de peixe&#8221; )<br>EVO III Supersense (Sensor thermal 1.4&#8243;, sensores de obst\u00e1culos omnidirecionais c\/ c\u00e2mera &#8220;olho de peixe&#8221; )<\/p>\n\n\n\n<p>Todos os quatro modelos ter\u00e3o banda dupla de transmiss\u00e3o de imagens em alta resolu\u00e7\u00e3o e range de 10Km. Haver\u00e1 uma banda de 900mhz adicional para os EUA<\/p>\n\n\n\n<figure class=\"wp-block-image size-large\"><img loading=\"lazy\" decoding=\"async\" width=\"800\" height=\"369\" src=\"https:\/\/dronefriendly.com.br\/v01\/wp-content\/uploads\/2021\/09\/241269282_232582795581055_6080508210640573059_n-800x369.jpg\" alt=\"\" class=\"wp-image-7134\" srcset=\"https:\/\/dronefriendly.com.br\/v01\/wp-content\/uploads\/2021\/09\/241269282_232582795581055_6080508210640573059_n-800x369.jpg 800w, https:\/\/dronefriendly.com.br\/v01\/wp-content\/uploads\/2021\/09\/241269282_232582795581055_6080508210640573059_n-300x138.jpg 300w, https:\/\/dronefriendly.com.br\/v01\/wp-content\/uploads\/2021\/09\/241269282_232582795581055_6080508210640573059_n-768x354.jpg 768w, https:\/\/dronefriendly.com.br\/v01\/wp-content\/uploads\/2021\/09\/241269282_232582795581055_6080508210640573059_n.jpg 1125w\" sizes=\"auto, (max-width: 800px) 100vw, 800px\" \/><\/figure>\n\n\n\n<h4 class=\"wp-block-heading\"><br>Autel EVO LITE- Lan\u00e7amento: Agosto de 2021<\/h4>\n\n\n\n<p><strong>Especifica\u00e7\u00f5es<\/strong>:<\/p>\n\n\n\n<ul class=\"wp-block-list\"><li>Modo de foto vertical: troca de modo horizontal e vertical com apenas um toque<\/li><li>Performance de imagens 4k a 60 frames<\/li><li>Simples e f\u00e1cil de usar: um bot\u00e3o apenas para panorama, fade,delay<\/li><li>Compartilhamento instant\u00e2neo: download, edi\u00e7\u00e3o r\u00e1pida, e suporte a template de fotos e redes sociais<\/li><li>40 minutos de voo<\/li><li>Range de 10km<\/li><\/ul>\n\n\n\n<p><strong>Op\u00e7\u00f5es <\/strong><\/p>\n\n\n\n<p>EVO LITE: (Sensor de 1\/1.28&#8243; com sensores de obst\u00e1culos na frente, atr\u00e1s e embaixo)<br>EVO LITE+ (Sensor de UMA POLEGADA,  com sensores de obst\u00e1culos na frente, atr\u00e1s e embaixo )<\/p>\n\n\n\n<figure class=\"wp-block-image size-large\"><img loading=\"lazy\" decoding=\"async\" width=\"800\" height=\"369\" src=\"https:\/\/dronefriendly.com.br\/v01\/wp-content\/uploads\/2021\/09\/241573400_1527202217617956_5529576576847806634_n-800x369.jpg\" alt=\"\" class=\"wp-image-7135\" srcset=\"https:\/\/dronefriendly.com.br\/v01\/wp-content\/uploads\/2021\/09\/241573400_1527202217617956_5529576576847806634_n-800x369.jpg 800w, https:\/\/dronefriendly.com.br\/v01\/wp-content\/uploads\/2021\/09\/241573400_1527202217617956_5529576576847806634_n-300x138.jpg 300w, https:\/\/dronefriendly.com.br\/v01\/wp-content\/uploads\/2021\/09\/241573400_1527202217617956_5529576576847806634_n-768x354.jpg 768w, https:\/\/dronefriendly.com.br\/v01\/wp-content\/uploads\/2021\/09\/241573400_1527202217617956_5529576576847806634_n.jpg 1125w\" sizes=\"auto, (max-width: 800px) 100vw, 800px\" \/><\/figure>\n\n\n\n<h4 class=\"wp-block-heading\">Autel EVO NANO* &#8211; Entrega em Agosto de 2021<\/h4>\n\n\n\n<p><strong>Especifica\u00e7\u00f5es<\/strong>:<\/p>\n\n\n\n<ul class=\"wp-block-list\"><li>Drone com peso abaixo de 250 grama<\/li><li>Super port\u00e1til<\/li><li>Modos de voo inteligente<\/li><li>30 minutos de voo<\/li><li>Range de 10km<\/li><\/ul>\n\n\n\n<p><strong>Op\u00e7\u00f5es<\/strong>:<\/p>\n\n\n\n<p>EVO NANO (sem sensor de obst\u00e1culos)<br>EVO NANO PLUS (com sensores de obst\u00e1culos)<\/p>\n\n\n\n<figure class=\"wp-block-image size-large\"><img loading=\"lazy\" decoding=\"async\" width=\"800\" height=\"369\" src=\"https:\/\/dronefriendly.com.br\/v01\/wp-content\/uploads\/2021\/09\/241471168_219443490210456_936540600243006519_n-800x369.jpg\" alt=\"\" class=\"wp-image-7136\" srcset=\"https:\/\/dronefriendly.com.br\/v01\/wp-content\/uploads\/2021\/09\/241471168_219443490210456_936540600243006519_n-800x369.jpg 800w, https:\/\/dronefriendly.com.br\/v01\/wp-content\/uploads\/2021\/09\/241471168_219443490210456_936540600243006519_n-300x138.jpg 300w, https:\/\/dronefriendly.com.br\/v01\/wp-content\/uploads\/2021\/09\/241471168_219443490210456_936540600243006519_n-768x354.jpg 768w, https:\/\/dronefriendly.com.br\/v01\/wp-content\/uploads\/2021\/09\/241471168_219443490210456_936540600243006519_n.jpg 1125w\" sizes=\"auto, (max-width: 800px) 100vw, 800px\" \/><\/figure>\n\n\n\n<p>Por enquanto essas s\u00e3o as informa\u00e7\u00f5es preliminares, e como percebemos, a Autel n\u00e3o est\u00e1 mais vazando e sim, <em>divulgando <\/em>seus pr\u00f3ximos produtos. As datas de lan\u00e7amento tiveram prazos estourados, talvez seja uma estrat\u00e9gia de marketing para a apoteose ocorrer em Janeiro de 2022 no evento CES 2022. Ou&#8230;<\/p>\n\n\n\n<p>&#8230;<strong>Atualiza\u00e7\u00e3o 17\/09\/2021 &#8211; 17h<\/strong><\/p>\n\n\n\n<p><strong>Data de lan\u00e7amento FINAL DE SETEMBRO<\/strong>:<\/p>\n\n\n\n<div class=\"wp-block-image\"><figure class=\"aligncenter size-large is-resized\"><img loading=\"lazy\" decoding=\"async\" src=\"https:\/\/dronefriendly.com.br\/v01\/wp-content\/uploads\/2021\/09\/v2-9c672d4578d2d318f97aa59f0b98ce38_r-426x600.jpg\" alt=\"\" class=\"wp-image-7149\" width=\"554\" height=\"780\" srcset=\"https:\/\/dronefriendly.com.br\/v01\/wp-content\/uploads\/2021\/09\/v2-9c672d4578d2d318f97aa59f0b98ce38_r-426x600.jpg 426w, https:\/\/dronefriendly.com.br\/v01\/wp-content\/uploads\/2021\/09\/v2-9c672d4578d2d318f97aa59f0b98ce38_r-213x300.jpg 213w, https:\/\/dronefriendly.com.br\/v01\/wp-content\/uploads\/2021\/09\/v2-9c672d4578d2d318f97aa59f0b98ce38_r.jpg 727w\" sizes=\"auto, (max-width: 554px) 100vw, 554px\" \/><\/figure><\/div>\n\n\n\n<p>De acordo com o convite acima, a Autel estar\u00e1 presente na <strong>China International Aerospace Expo <\/strong> cuja data de abertura para imprensa, convidados e profissionais se inicia dia 28 at\u00e9 30 de setembro e dias 1\u00ba a 3 de outubro para o p\u00fablico em geral, e afirma que apresentar\u00e1 <strong>uma linha completa para profissionais e consumidores. <\/strong><\/p>\n\n\n\n<p>Um excelente momento para lan\u00e7ar seus novos produtos&#8230;   <\/p>\n\n\n\n<p>(*)Apesar do nome exposto na foto como MINI, no Instagram oficial da Autel temos a dica:<\/p>\n\n\n\n<figure class=\"wp-block-image size-large\"><img loading=\"lazy\" decoding=\"async\" width=\"800\" height=\"510\" src=\"https:\/\/dronefriendly.com.br\/v01\/wp-content\/uploads\/2021\/09\/screenshot-www.instagram.com-2021.09.17-23_49_25-800x510.png\" alt=\"\" class=\"wp-image-7154\" srcset=\"https:\/\/dronefriendly.com.br\/v01\/wp-content\/uploads\/2021\/09\/screenshot-www.instagram.com-2021.09.17-23_49_25-800x510.png 800w, https:\/\/dronefriendly.com.br\/v01\/wp-content\/uploads\/2021\/09\/screenshot-www.instagram.com-2021.09.17-23_49_25-300x191.png 300w, https:\/\/dronefriendly.com.br\/v01\/wp-content\/uploads\/2021\/09\/screenshot-www.instagram.com-2021.09.17-23_49_25-768x490.png 768w, https:\/\/dronefriendly.com.br\/v01\/wp-content\/uploads\/2021\/09\/screenshot-www.instagram.com-2021.09.17-23_49_25.png 934w\" sizes=\"auto, (max-width: 800px) 100vw, 800px\" \/><figcaption>&#8220;A espera pode terminar em um <strong>#Nano<\/strong> segundo&#8221;<\/figcaption><\/figure>\n\n\n\n<p>Fique ligado, que este post estar\u00e1 sendo atualizado assim que chegarem mais informa\u00e7\u00f5es e se quiser apoiar esse site, fa\u00e7a uma pequena contribui\u00e7\u00e3o, um real que seja: isso ajuda bastante \ud83d\ude42<\/p>\n","protected":false},"excerpt":{"rendered":"<p>Break News: O Jasper, pelo Twitter postou os TR\u00caS novos modelos da Autel (agora com nomes corretos) e algumas especifica\u00e7\u00f5es,&hellip;<\/p>\n","protected":false},"author":1,"featured_media":7133,"comment_status":"open","ping_status":"open","sticky":false,"template":"","format":"standard","meta":{"googlesitekit_rrm_CAowr_bfCw:productID":"","footnotes":""},"categories":[321,313],"tags":[125,412,415,416,417,414,418,33,408,419],"class_list":["post-7110","post","type-post","status-publish","format-standard","has-post-thumbnail","hentry","category-destaque","category-paginas-negras","tag-autel","tag-evo-iii","tag-evo-iii-pro","tag-evo-iii-zoom","tag-evo-lite-plus","tag-evo-mini","tag-evo-mini-2","tag-lancamento","tag-leaks","tag-vazou"],"_links":{"self":[{"href":"https:\/\/dronefriendly.com.br\/v01\/wp-json\/wp\/v2\/posts\/7110","targetHints":{"allow":["GET"]}}],"collection":[{"href":"https:\/\/dronefriendly.com.br\/v01\/wp-json\/wp\/v2\/posts"}],"about":[{"href":"https:\/\/dronefriendly.com.br\/v01\/wp-json\/wp\/v2\/types\/post"}],"author":[{"embeddable":true,"href":"https:\/\/dronefriendly.com.br\/v01\/wp-json\/wp\/v2\/users\/1"}],"replies":[{"embeddable":true,"href":"https:\/\/dronefriendly.com.br\/v01\/wp-json\/wp\/v2\/comments?post=7110"}],"version-history":[{"count":24,"href":"https:\/\/dronefriendly.com.br\/v01\/wp-json\/wp\/v2\/posts\/7110\/revisions"}],"predecessor-version":[{"id":7156,"href":"https:\/\/dronefriendly.com.br\/v01\/wp-json\/wp\/v2\/posts\/7110\/revisions\/7156"}],"wp:featuredmedia":[{"embeddable":true,"href":"https:\/\/dronefriendly.com.br\/v01\/wp-json\/wp\/v2\/media\/7133"}],"wp:attachment":[{"href":"https:\/\/dronefriendly.com.br\/v01\/wp-json\/wp\/v2\/media?parent=7110"}],"wp:term":[{"taxonomy":"category","embeddable":true,"href":"https:\/\/dronefriendly.com.br\/v01\/wp-json\/wp\/v2\/categories?post=7110"},{"taxonomy":"post_tag","embeddable":true,"href":"https:\/\/dronefriendly.com.br\/v01\/wp-json\/wp\/v2\/tags?post=7110"}],"curies":[{"name":"wp","href":"https:\/\/api.w.org\/{rel}","templated":true}]}}