{"id":8259,"date":"2023-01-23T17:28:53","date_gmt":"2023-01-23T20:28:53","guid":{"rendered":"https:\/\/dronefriendly.com.br\/v01\/?p=8259"},"modified":"2023-01-23T17:33:48","modified_gmt":"2023-01-23T20:33:48","slug":"pm-detem-piloto-de-drone-que-interrompeu-jogo-do-campeonato-catarinense","status":"publish","type":"post","link":"https:\/\/dronefriendly.com.br\/v01\/pm-detem-piloto-de-drone-que-interrompeu-jogo-do-campeonato-catarinense\/","title":{"rendered":"PM det\u00e9m piloto de drone que interrompeu jogo do Campeonato Catarinense"},"content":{"rendered":"\n<h2 class=\"wp-block-heading\">A Pol\u00edcia Militar deteve um homem que pilotava um drone em meio ao jogo entre Marc\u00edlio Dias e Ava\u00ed, que precisou ser paralisado. Drone foi apreendido.<\/h2>\n\n\n\n<p>Um homem de 59 anos foi detido pela PMSC (Pol\u00edcia Militar de Santa Catarina) ao ser flagrado pilotando um drone\u00a0sobre o est\u00e1dio\u00a0Dr. Herc\u00edlio Luz, em Itaja\u00ed, na tarde deste s\u00e1bado (21).<\/p>\n\n\n\n<p>O objeto paralisou o jogo entre Marc\u00edlio Dias e Ava\u00ed-\u00a0vit\u00f3ria do Le\u00e3o por 2 a 1\u00a0\u2013 em duelo pela\u00a03\u00aa rodada do Campeonato Catarinense 2023.<\/p>\n\n\n\n<figure class=\"wp-block-image size-large\"><img loading=\"lazy\" decoding=\"async\" width=\"450\" height=\"600\" src=\"https:\/\/dronefriendly.com.br\/v01\/wp-content\/uploads\/2023\/01\/drone-preso-1-450x600.jpg\" alt=\"\" class=\"wp-image-8260\" srcset=\"https:\/\/dronefriendly.com.br\/v01\/wp-content\/uploads\/2023\/01\/drone-preso-1-450x600.jpg 450w, https:\/\/dronefriendly.com.br\/v01\/wp-content\/uploads\/2023\/01\/drone-preso-1-225x300.jpg 225w, https:\/\/dronefriendly.com.br\/v01\/wp-content\/uploads\/2023\/01\/drone-preso-1-768x1024.jpg 768w, https:\/\/dronefriendly.com.br\/v01\/wp-content\/uploads\/2023\/01\/drone-preso-1.jpg 960w\" sizes=\"auto, (max-width: 450px) 100vw, 450px\" \/><\/figure>\n\n\n\n<p>Aos 29\u2032 da primeira etapa o \u00e1rbitro Ramon Abatti Abel, de Ararangu\u00e1, paralisou a partida entre Marc\u00edlio Dias e Ava\u00ed, que empatavam em\u00a00\u00a0a\u00a00. O confronto ficou interrompido por quatro minutos at\u00e9 que a solu\u00e7\u00e3o fosse encontrada uma vez que o objeto, <strong>se operado de maneira irregular, \u00e9 tipificado no artigo 132 do CP (C\u00f3digo Penal): \u201cExpor a vida ou a sa\u00fade de outrem a perigo direto e iminente\u201d.<\/strong><\/p>\n\n\n\n<p>A sobrevoo do ve\u00edculo a\u00e9reo n\u00e3o tripulado foi a grande atra\u00e7\u00e3o do primeiro tempo sem gols entre Marc\u00edlio Dias e Ava\u00ed.<\/p>\n\n\n\n<p><strong>Drone Aprendido<\/strong><br>A a\u00e7\u00e3o da PM, do lado de fora do est\u00e1dio, foi crucial para que a bola voltasse a rolar no gramado do est\u00e1dio Dr. Herc\u00edlio Luz.<br>De acordo com o que foi repassado pelo policiamento, em contato com o comandante do 1\u00ba BPM (Batalh\u00e3o da Pol\u00edcia Militar), major Ciro Adriano da Silva, a guarni\u00e7\u00e3o que fazia seguran\u00e7a da partida foi orientada a encontrar o piloto.<br>Ao ser abordado em endere\u00e7o n\u00e3o confirmado da regi\u00e3o central de Itaja\u00ed, \u201co autor dos fatos informou que estava fazendo imagens e v\u00eddeos com seu drone para um amigo\u201d. O homem, que n\u00e3o teve a identidade revelada, justificou que \u201cn\u00e3o sabia que tinha gerado risco\u201d ao jogo e aos presentes.<\/p>\n\n\n\n<figure class=\"wp-block-image size-large\"><img loading=\"lazy\" decoding=\"async\" width=\"450\" height=\"600\" src=\"https:\/\/dronefriendly.com.br\/v01\/wp-content\/uploads\/2023\/01\/drone-preso-2-450x600.jpg\" alt=\"\" class=\"wp-image-8262\" srcset=\"https:\/\/dronefriendly.com.br\/v01\/wp-content\/uploads\/2023\/01\/drone-preso-2-450x600.jpg 450w, https:\/\/dronefriendly.com.br\/v01\/wp-content\/uploads\/2023\/01\/drone-preso-2-225x300.jpg 225w, https:\/\/dronefriendly.com.br\/v01\/wp-content\/uploads\/2023\/01\/drone-preso-2-768x1024.jpg 768w, https:\/\/dronefriendly.com.br\/v01\/wp-content\/uploads\/2023\/01\/drone-preso-2.jpg 960w\" sizes=\"auto, (max-width: 450px) 100vw, 450px\" \/><\/figure>\n\n\n\n<p>O detido ainda comprovou autoriza\u00e7\u00e3o da Anac (Ag\u00eancia Nacional de Avia\u00e7\u00e3o Civil) para manusear o equipamento, <strong>mas admitiu que n\u00e3o tinha a libera\u00e7\u00e3o para operar o aparelho naquele hor\u00e1rio e local<\/strong>. O piloto, ap\u00f3s explica\u00e7\u00f5es do epis\u00f3dio, teve um TC (Termo Circunstanciado) lavrado e teve o <strong>equipamento apreendido<\/strong> \u201cdevido a utiliza\u00e7\u00e3o do Drone para o cometimento do crime\u201d, conforme o registro policial.<\/p>\n\n\n\n<p>O \u2018autor\u2019 n\u00e3o tinha passagens pela pol\u00edcia e foi liberado ap\u00f3s assinar os termos de comparecimento em ju\u00edzo.<\/p>\n\n\n\n<p><a href=\"https:\/\/ndmais.com.br\/futebol\/pm-detem-piloto-de-drone-que-interrompeu-jogo-do-campeonato-catarinense\/\" data-type=\"URL\" data-id=\"https:\/\/ndmais.com.br\/futebol\/pm-detem-piloto-de-drone-que-interrompeu-jogo-do-campeonato-catarinense\/\" target=\"_blank\" rel=\"noreferrer noopener\">Fonte: ND+ (Santa Catarina)<\/a><\/p>\n","protected":false},"excerpt":{"rendered":"<p>A Pol\u00edcia Militar deteve um homem que pilotava um drone em meio ao jogo entre Marc\u00edlio Dias e Ava\u00ed, que&hellip;<\/p>\n","protected":false},"author":1,"featured_media":8261,"comment_status":"open","ping_status":"open","sticky":false,"template":"","format":"standard","meta":{"googlesitekit_rrm_CAowr_bfCw:productID":"","footnotes":""},"categories":[321,20,4],"tags":[494,17,495,496,497],"class_list":["post-8259","post","type-post","status-publish","format-standard","has-post-thumbnail","hentry","category-destaque","category-incidentes","category-noticias","tag-apreensao","tag-legislacao","tag-ocorrencia","tag-policia","tag-santa-catarina"],"_links":{"self":[{"href":"https:\/\/dronefriendly.com.br\/v01\/wp-json\/wp\/v2\/posts\/8259","targetHints":{"allow":["GET"]}}],"collection":[{"href":"https:\/\/dronefriendly.com.br\/v01\/wp-json\/wp\/v2\/posts"}],"about":[{"href":"https:\/\/dronefriendly.com.br\/v01\/wp-json\/wp\/v2\/types\/post"}],"author":[{"embeddable":true,"href":"https:\/\/dronefriendly.com.br\/v01\/wp-json\/wp\/v2\/users\/1"}],"replies":[{"embeddable":true,"href":"https:\/\/dronefriendly.com.br\/v01\/wp-json\/wp\/v2\/comments?post=8259"}],"version-history":[{"count":1,"href":"https:\/\/dronefriendly.com.br\/v01\/wp-json\/wp\/v2\/posts\/8259\/revisions"}],"predecessor-version":[{"id":8263,"href":"https:\/\/dronefriendly.com.br\/v01\/wp-json\/wp\/v2\/posts\/8259\/revisions\/8263"}],"wp:featuredmedia":[{"embeddable":true,"href":"https:\/\/dronefriendly.com.br\/v01\/wp-json\/wp\/v2\/media\/8261"}],"wp:attachment":[{"href":"https:\/\/dronefriendly.com.br\/v01\/wp-json\/wp\/v2\/media?parent=8259"}],"wp:term":[{"taxonomy":"category","embeddable":true,"href":"https:\/\/dronefriendly.com.br\/v01\/wp-json\/wp\/v2\/categories?post=8259"},{"taxonomy":"post_tag","embeddable":true,"href":"https:\/\/dronefriendly.com.br\/v01\/wp-json\/wp\/v2\/tags?post=8259"}],"curies":[{"name":"wp","href":"https:\/\/api.w.org\/{rel}","templated":true}]}}