{"id":979,"date":"2019-05-13T01:04:50","date_gmt":"2019-05-13T04:04:50","guid":{"rendered":"https:\/\/dronefriendly.com.br\/v01\/?p=979"},"modified":"2019-05-13T01:24:00","modified_gmt":"2019-05-13T04:24:00","slug":"opiniao-drones-e-presidios","status":"publish","type":"post","link":"https:\/\/dronefriendly.com.br\/v01\/opiniao-drones-e-presidios\/","title":{"rendered":"Opini\u00e3o: Drones e pres\u00eddios"},"content":{"rendered":"\n<h4 class=\"wp-block-heading\">Semana passada em v\u00e1rios canais de TV e no domingo, no Fant\u00e1stico, foi abordado o assunto da utiliza\u00e7\u00e3o de drones para entregas de celulares e drogas nos pres\u00eddios.<\/h4>\n\n\n\n<p>Por ser cada vez mais acess\u00edvel e amig\u00e1vel, o drone vem se tornando uma excelente ferramenta para capta\u00e7\u00e3o de imagens por outros \u00e2ngulos, e aos poucos, v\u00e3o sendo encontradas novas utiliza\u00e7\u00f5es, seja para o bem, seja para o mal. Foi como a avi\u00e3o, onde seu inventor antes de seu suic\u00eddio, proferiu a frase: <\/p>\n\n\n\n<blockquote class=\"wp-block-quote is-layout-flow wp-block-quote-is-layout-flow\"><p><em>&#8221; Nunca pensei que minha inven\u00e7\u00e3o fosse causar derramamento de sangue entre irm\u00e3os\u201d. <\/em> Alberto Santos Dumont<\/p><\/blockquote>\n\n\n\n<p>Convivemos at\u00e9 hoje com os avi\u00f5es e helic\u00f3pteros, sejam para o bem ou para a contraven\u00e7\u00e3o, mas at\u00e9 hoje, e felizmente, provavelmente por mais muitos anos estar\u00e1 entre n\u00f3s, e assim ser\u00e1 com o drone: ele veio para ficar, pois:<\/p>\n\n\n\n<blockquote class=\"wp-block-quote is-layout-flow wp-block-quote-is-layout-flow\"><p><em>Onde houver um drone transportando drogas em pres\u00eddio, haver\u00e3o milhares transportando  medicamentos nas regi\u00f5es mais remotas;<\/em><\/p><p><em>Onde houver um drone bisbilhotando vidas alheias, haver\u00e3o milhares em opera\u00e7\u00f5es de busca e salvamento;<\/em><\/p><p><em>Onde houver um drone voando por regi\u00f5es restritas apenas para o tr\u00e1fego de aeronaves, haver\u00e3o milhares captando paisagens, praias e as maravilhas pelo mundo afora.<\/em><\/p><\/blockquote>\n\n\n\n<p>As regras de utiliza\u00e7\u00e3o do espa\u00e7o a\u00e9reo ser\u00e3o mais restritivas, sim &#8211; N\u00e3o pela reportagem, mas pelo progresso: foi como o carro, que h\u00e1 pouco tempo n\u00e3o possu\u00eda nem cinto de seguran\u00e7a ou airbag, onde se podia estacionar em qualquer lugar, at\u00e9 sobre a cal\u00e7ada. As leis v\u00e3o se adaptando de acordo com a realidade, e com isso, haver\u00e3o mais abordagens policiais para verificar se o equipamento e documenta\u00e7\u00e3o, assim como do piloto est\u00e3o regulares. N\u00e3o tem como fugir, em outros pa\u00edses as restri\u00e7\u00f5es s\u00e3o equivalentes e at\u00e9 maiores, como em Paris ou Nova Iorque.<\/p>\n\n\n\n<p>Voltando ao carro, pergunto: Algu\u00e9m j\u00e1 passou por alguma blitz de tr\u00e2nsito? E se n\u00e3o houvessem essas opera\u00e7\u00f5es? Voc\u00ea pagaria seu IPVA, por exemplo, para que um sujeito com o carro cheio de multas e imposto vencidos, circulasse livremente? <\/p>\n\n\n\n<p>Essa \u00e9 apenas uma vis\u00e3o particular sobre a reportagem. Muita gente pode ter opini\u00e3o contr\u00e1ria e que deve ser respeitada. E qual a sua?<\/p>\n\n\n\n<p>Que todos tenham uma excelente semana!<\/p>\n","protected":false},"excerpt":{"rendered":"<p>Semana passada em v\u00e1rios canais de TV e no domingo, no Fant\u00e1stico, foi abordado o assunto da utiliza\u00e7\u00e3o de drones&hellip;<\/p>\n","protected":false},"author":2,"featured_media":319,"comment_status":"open","ping_status":"open","sticky":false,"template":"","format":"standard","meta":{"googlesitekit_rrm_CAowr_bfCw:productID":"","footnotes":""},"categories":[18],"tags":[115],"class_list":["post-979","post","type-post","status-publish","format-standard","has-post-thumbnail","hentry","category-dronedobem","tag-opiniao"],"_links":{"self":[{"href":"https:\/\/dronefriendly.com.br\/v01\/wp-json\/wp\/v2\/posts\/979","targetHints":{"allow":["GET"]}}],"collection":[{"href":"https:\/\/dronefriendly.com.br\/v01\/wp-json\/wp\/v2\/posts"}],"about":[{"href":"https:\/\/dronefriendly.com.br\/v01\/wp-json\/wp\/v2\/types\/post"}],"author":[{"embeddable":true,"href":"https:\/\/dronefriendly.com.br\/v01\/wp-json\/wp\/v2\/users\/2"}],"replies":[{"embeddable":true,"href":"https:\/\/dronefriendly.com.br\/v01\/wp-json\/wp\/v2\/comments?post=979"}],"version-history":[{"count":4,"href":"https:\/\/dronefriendly.com.br\/v01\/wp-json\/wp\/v2\/posts\/979\/revisions"}],"predecessor-version":[{"id":985,"href":"https:\/\/dronefriendly.com.br\/v01\/wp-json\/wp\/v2\/posts\/979\/revisions\/985"}],"wp:featuredmedia":[{"embeddable":true,"href":"https:\/\/dronefriendly.com.br\/v01\/wp-json\/wp\/v2\/media\/319"}],"wp:attachment":[{"href":"https:\/\/dronefriendly.com.br\/v01\/wp-json\/wp\/v2\/media?parent=979"}],"wp:term":[{"taxonomy":"category","embeddable":true,"href":"https:\/\/dronefriendly.com.br\/v01\/wp-json\/wp\/v2\/categories?post=979"},{"taxonomy":"post_tag","embeddable":true,"href":"https:\/\/dronefriendly.com.br\/v01\/wp-json\/wp\/v2\/tags?post=979"}],"curies":[{"name":"wp","href":"https:\/\/api.w.org\/{rel}","templated":true}]}}